{"id":369299,"date":"2024-01-14T12:27:20","date_gmt":"2024-01-14T12:27:20","guid":{"rendered":"https:\/\/casaredonda.es\/?p=369299"},"modified":"2024-02-13T10:58:20","modified_gmt":"2024-02-13T10:58:20","slug":"festivales-y-actos-de-competa-celebracion-de-las-tradiciones","status":"publish","type":"post","link":"https:\/\/casaredonda.es\/es\/competa-festivals-and-events-celebrating-traditions\/","title":{"rendered":"Fiestas y eventos de C\u00f3mpeta: Celebraci\u00f3n de tradiciones"},"content":{"rendered":"<p>C\u00f3mpeta no s\u00f3lo es conocido por sus impresionantes paisajes y su sereno estilo de vida, sino tambi\u00e9n por su vibrante calendario de festivales y eventos. Estas reuniones son el coraz\u00f3n y el alma de C\u00f3mpeta, ofreciendo tanto a los lugare\u00f1os como a los visitantes la oportunidad de sumergirse profundamente en las tradiciones que hacen que este pueblo sea tan \u00fanico. Exploremos el rico tapiz de celebraciones culturales que C\u00f3mpeta tiene para ofrecer, prometiendo recuerdos que durar\u00e1n toda la vida.<\/p>\n\n\n\n<div style=\"height:20px\" aria-hidden=\"true\" class=\"wp-block-spacer\"><\/div>\n\n\n\n<h3 class=\"wp-block-heading\">Reyes Magos: Un m\u00e1gico comienzo de a\u00f1o<\/h3>\n\n\n\n<p>La llegada de enero trae consigo una de las celebraciones m\u00e1s entra\u00f1ables del a\u00f1o: la Fiesta de los Reyes Magos. Este acontecimiento, que se celebra el 5 de enero, marca la culminaci\u00f3n de la temporada navide\u00f1a y recrea el viaje de los Reyes Magos para traer regalos a Jes\u00fas reci\u00e9n nacido. Las calles del pueblo se llenan de vida con un vibrante desfile, en el que Melchor, Gaspar y Baltasar hacen su gran entrada en carrozas bellamente decoradas, distribuyendo dulces y regalos a los ni\u00f1os encantados que bordean la ruta. El aire se llena de emoci\u00f3n y alegr\u00eda, mientras las familias se re\u00fanen para presenciar esta entra\u00f1able tradici\u00f3n, que combina la magia de la Navidad con la calidez del esp\u00edritu comunitario. Es un espect\u00e1culo de luces, m\u00fasica y festividad, que ofrece una visi\u00f3n del rico tapiz de tradiciones que C\u00f3mpeta aprecia, convirti\u00e9ndolo en un comienzo m\u00e1gico del nuevo a\u00f1o tanto para los residentes como para los visitantes.<\/p>\n\n\n\n<div style=\"height:20px\" aria-hidden=\"true\" class=\"wp-block-spacer\"><\/div>\n\n\n\n<h3 class=\"wp-block-heading\">Los Santos Patronos: Honrar las tradiciones<\/h3>\n\n\n\n<p>C\u00f3mpeta honra a sus santos patronos, San Sebasti\u00e1n y la Virgen de la Asunci\u00f3n, con fiestas que son testimonio de la fe y las tradiciones del pueblo. Estos actos se caracterizan por procesiones religiosas, ofrendas florales y reuniones comunitarias. La mezcla de devoci\u00f3n y celebraci\u00f3n ofrece una conmovedora visi\u00f3n de los valores que unen a la comunidad.<\/p>\n\n\n\n<div style=\"height:20px\" aria-hidden=\"true\" class=\"wp-block-spacer\"><\/div>\n\n\n\n<h3 class=\"wp-block-heading\">Semana Santa: Un espect\u00e1culo solemne<\/h3>\n\n\n\n<p>La Semana Santa de C\u00f3mpeta se celebra con la solemnidad y grandiosidad propias de la Semana Santa andaluza. Las calles del pueblo se convierten en escenario de procesiones tan emotivas como espectaculares. Las estatuas de las figuras religiosas recorren las calles, acompa\u00f1adas por la m\u00fasica solemne de las bandas y el aroma del incienso. Es una experiencia cultural profunda, que ofrece una visi\u00f3n del coraz\u00f3n espiritual de C\u00f3mpeta.<\/p>\n\n\n\n<div style=\"height:40px\" aria-hidden=\"true\" class=\"wp-block-spacer\"><\/div>\n\n\n\n<figure class=\"wp-block-image aligncenter size-full\"><img loading=\"lazy\" decoding=\"async\" width=\"1024\" height=\"640\" src=\"https:\/\/casaredonda.es\/wp-content\/uploads\/2024\/02\/Festivals-1.jpg\" alt=\"\" class=\"wp-image-369333\" srcset=\"https:\/\/casaredonda.es\/wp-content\/uploads\/2024\/02\/Festivals-1.jpg 1024w, https:\/\/casaredonda.es\/wp-content\/uploads\/2024\/02\/Festivals-1-980x613.jpg 980w, https:\/\/casaredonda.es\/wp-content\/uploads\/2024\/02\/Festivals-1-480x300.jpg 480w\" sizes=\"(min-width: 0px) and (max-width: 480px) 480px, (min-width: 481px) and (max-width: 980px) 980px, (min-width: 981px) 1024px, 100vw\" \/><\/figure>\n\n\n\n<div style=\"height:50px\" aria-hidden=\"true\" class=\"wp-block-spacer\"><\/div>\n\n\n\n<h3 class=\"wp-block-heading\">Feria de C\u00f3mpeta: Un espect\u00e1culo de verano<\/h3>\n\n\n\n<p>En julio, la Feria de C\u00f3mpeta convierte el pueblo en un bullicioso centro de actividad y celebraci\u00f3n. Esta feria de verano es una mezcla de tradici\u00f3n y modernidad, con actividades que duran todo el d\u00eda, desde competiciones deportivas y juegos para ni\u00f1os hasta conciertos de m\u00fasica en directo y espect\u00e1culos de danza que se prolongan hasta bien entrada la noche. La feria culmina con un deslumbrante espect\u00e1culo de fuegos artificiales que ilumina el cielo nocturno y se refleja en los edificios encalados de C\u00f3mpeta.<\/p>\n\n\n\n<div style=\"height:20px\" aria-hidden=\"true\" class=\"wp-block-spacer\"><\/div>\n\n\n\n<h3 class=\"wp-block-heading\">Noche del Vino: Brindis por la tradici\u00f3n<\/h3>\n\n\n\n<p>La Noche del Vino, en agosto, es quiz\u00e1 el acontecimiento m\u00e1s famoso de C\u00f3mpeta. Esta fiesta marca el comienzo de la vendimia y celebra las arraigadas tradiciones vin\u00edcolas del pueblo. El d\u00eda comienza con el tradicional \"pisado de la uva\" en la plaza principal, seguido de una fiesta comunitaria en la que el vino nuevo fluye libremente, acompa\u00f1ado de delicias locales. M\u00fasica, bailes y actuaciones en directo llenan las calles, creando una atm\u00f3sfera de alegr\u00eda y esp\u00edritu comunitario que resulta contagiosa. Es una mezcla perfecta de gastronom\u00eda, tradici\u00f3n y diversi\u00f3n, que captura la esencia de la cultura andaluza.<\/p>\n\n\n\n<div style=\"height:40px\" aria-hidden=\"true\" class=\"wp-block-spacer\"><\/div>\n\n\n\n<figure class=\"wp-block-image aligncenter size-full\"><img loading=\"lazy\" decoding=\"async\" width=\"1024\" height=\"640\" src=\"https:\/\/casaredonda.es\/wp-content\/uploads\/2024\/02\/Festivals-2.jpg\" alt=\"\" class=\"wp-image-369332\" srcset=\"https:\/\/casaredonda.es\/wp-content\/uploads\/2024\/02\/Festivals-2.jpg 1024w, https:\/\/casaredonda.es\/wp-content\/uploads\/2024\/02\/Festivals-2-980x613.jpg 980w, https:\/\/casaredonda.es\/wp-content\/uploads\/2024\/02\/Festivals-2-480x300.jpg 480w\" sizes=\"(min-width: 0px) and (max-width: 480px) 480px, (min-width: 481px) and (max-width: 980px) 980px, (min-width: 981px) 1024px, 100vw\" \/><\/figure>\n\n\n\n<div style=\"height:50px\" aria-hidden=\"true\" class=\"wp-block-spacer\"><\/div>\n\n\n\n<h3 class=\"wp-block-heading\">El Paseo del Arte de C\u00f3mpeta: Un tapiz de color<\/h3>\n\n\n\n<p>El compromiso de C\u00f3mpeta con la cultura va m\u00e1s all\u00e1 de los festivales tradicionales. El pueblo celebra un Paseo del Arte anual en septiembre, en el que se pone de relieve el talento art\u00edstico de la comunidad y de toda la regi\u00f3n, convirtiendo C\u00f3mpeta en un vibrante lienzo de creatividad. Los artistas se instalan en muchas de las casas encaladas de la localidad, exponen sus obras y hablan con los visitantes. Se imprime un mapa que permite a lugare\u00f1os y turistas seguir la sinuosa ruta para contemplar tanto la arquitectura como una variedad de estilos art\u00edsticos.<\/p>\n\n\n\n<div style=\"height:40px\" aria-hidden=\"true\" class=\"wp-block-spacer\"><\/div>\n\n\n\n<h3 class=\"wp-block-heading\">celebrar la vida, la tradici\u00f3n y a los dem\u00e1s<\/h3>\n\n\n\n<p>Cuando planifique su estancia en Casa Redonda, considere la posibilidad de hacerla coincidir con una de estas vibrantes celebraciones. Ya sea bailando bajo las estrellas durante la Noche del Vino, reflexionando durante la Semana Santa o celebrando el A\u00f1o Nuevo con nuevos amigos, descubrir\u00e1 que C\u00f3mpeta ofrece una experiencia incomparable de la cultura y la hospitalidad espa\u00f1olas.<\/p>\n\n\n\n<div style=\"height:40px\" aria-hidden=\"true\" class=\"wp-block-spacer\"><\/div>","protected":false},"excerpt":{"rendered":"<p>Competa is not just known for its breathtaking landscapes and serene lifestyle but also for its vibrant calendar of festivals and events. These gatherings are the heart and soul of Competa, offering both locals and visitors a chance to dive deep into the traditions that make this village so unique. Let&#8217;s explore the rich tapestry [&hellip;]<\/p>\n","protected":false},"author":2,"featured_media":369305,"comment_status":"closed","ping_status":"open","sticky":false,"template":"","format":"standard","meta":{"_acf_changed":false,"_et_pb_use_builder":"","_et_pb_old_content":"","_et_gb_content_width":"","footnotes":""},"categories":[1],"tags":[],"class_list":["post-369299","post","type-post","status-publish","format-standard","has-post-thumbnail","hentry","category-uncategorized"],"acf":[],"yoast_head":"<!-- This site is optimized with the Yoast SEO plugin v27.5 - https:\/\/yoast.com\/product\/yoast-seo-wordpress\/ -->\n<title>Competa Festivals and Events: Celebrating Traditions - Casa Redonda<\/title>\n<meta name=\"description\" content=\"Immerse yourself in the rich tapestry of Competa&#039;s vibrant calendar of festivals and events. promising memories that will last a lifetime.\" \/>\n<meta name=\"robots\" content=\"index, follow, max-snippet:-1, max-image-preview:large, max-video-preview:-1\" \/>\n<link rel=\"canonical\" href=\"https:\/\/casaredonda.es\/es\/festivales-y-actos-de-competa-celebracion-de-las-tradiciones\/\" \/>\n<meta property=\"og:locale\" content=\"es_ES\" \/>\n<meta property=\"og:type\" content=\"article\" \/>\n<meta property=\"og:title\" content=\"A Rich Tapestry of Vibrant Festivals and Events\" \/>\n<meta property=\"og:description\" content=\"Festivals and events. promising memories that will last a lifetime.\" \/>\n<meta property=\"og:url\" content=\"https:\/\/casaredonda.es\/es\/festivales-y-actos-de-competa-celebracion-de-las-tradiciones\/\" \/>\n<meta property=\"og:site_name\" content=\"Casa Redonda\" \/>\n<meta property=\"article:published_time\" content=\"2024-01-14T12:27:20+00:00\" \/>\n<meta property=\"article:modified_time\" content=\"2024-02-13T10:58:20+00:00\" \/>\n<meta property=\"og:image\" content=\"https:\/\/casaredonda.es\/wp-content\/uploads\/2024\/02\/Competa-Festivals-Blog-Social.png\" \/>\n\t<meta property=\"og:image:width\" content=\"1200\" \/>\n\t<meta property=\"og:image:height\" content=\"628\" \/>\n\t<meta property=\"og:image:type\" content=\"image\/png\" \/>\n<meta name=\"author\" content=\"Bryn Hackland\" \/>\n<script type=\"application\/ld+json\" class=\"yoast-schema-graph\">{\"@context\":\"https:\\\/\\\/schema.org\",\"@graph\":[{\"@type\":\"Article\",\"@id\":\"https:\\\/\\\/casaredonda.es\\\/competa-festivals-and-events-celebrating-traditions\\\/#article\",\"isPartOf\":{\"@id\":\"https:\\\/\\\/casaredonda.es\\\/competa-festivals-and-events-celebrating-traditions\\\/\"},\"author\":{\"name\":\"Bryn Hackland\",\"@id\":\"https:\\\/\\\/casaredonda.es\\\/#\\\/schema\\\/person\\\/445f39c1787d4e6ad2a06a074e24513f\"},\"headline\":\"Competa Festivals and Events: Celebrating Traditions\",\"datePublished\":\"2024-01-14T12:27:20+00:00\",\"dateModified\":\"2024-02-13T10:58:20+00:00\",\"mainEntityOfPage\":{\"@id\":\"https:\\\/\\\/casaredonda.es\\\/competa-festivals-and-events-celebrating-traditions\\\/\"},\"wordCount\":704,\"image\":{\"@id\":\"https:\\\/\\\/casaredonda.es\\\/competa-festivals-and-events-celebrating-traditions\\\/#primaryimage\"},\"thumbnailUrl\":\"https:\\\/\\\/casaredonda.es\\\/wp-content\\\/uploads\\\/2024\\\/02\\\/Competa-Festivals-Featured.jpg\",\"articleSection\":[\"Uncategorized\"],\"inLanguage\":\"es\"},{\"@type\":\"WebPage\",\"@id\":\"https:\\\/\\\/casaredonda.es\\\/competa-festivals-and-events-celebrating-traditions\\\/\",\"url\":\"https:\\\/\\\/casaredonda.es\\\/competa-festivals-and-events-celebrating-traditions\\\/\",\"name\":\"Competa Festivals and Events: Celebrating Traditions - Casa Redonda\",\"isPartOf\":{\"@id\":\"https:\\\/\\\/casaredonda.es\\\/#website\"},\"primaryImageOfPage\":{\"@id\":\"https:\\\/\\\/casaredonda.es\\\/competa-festivals-and-events-celebrating-traditions\\\/#primaryimage\"},\"image\":{\"@id\":\"https:\\\/\\\/casaredonda.es\\\/competa-festivals-and-events-celebrating-traditions\\\/#primaryimage\"},\"thumbnailUrl\":\"https:\\\/\\\/casaredonda.es\\\/wp-content\\\/uploads\\\/2024\\\/02\\\/Competa-Festivals-Featured.jpg\",\"datePublished\":\"2024-01-14T12:27:20+00:00\",\"dateModified\":\"2024-02-13T10:58:20+00:00\",\"author\":{\"@id\":\"https:\\\/\\\/casaredonda.es\\\/#\\\/schema\\\/person\\\/445f39c1787d4e6ad2a06a074e24513f\"},\"description\":\"Immerse yourself in the rich tapestry of Competa's vibrant calendar of festivals and events. promising memories that will last a lifetime.\",\"breadcrumb\":{\"@id\":\"https:\\\/\\\/casaredonda.es\\\/competa-festivals-and-events-celebrating-traditions\\\/#breadcrumb\"},\"inLanguage\":\"es\",\"potentialAction\":[{\"@type\":\"ReadAction\",\"target\":[\"https:\\\/\\\/casaredonda.es\\\/competa-festivals-and-events-celebrating-traditions\\\/\"]}]},{\"@type\":\"ImageObject\",\"inLanguage\":\"es\",\"@id\":\"https:\\\/\\\/casaredonda.es\\\/competa-festivals-and-events-celebrating-traditions\\\/#primaryimage\",\"url\":\"https:\\\/\\\/casaredonda.es\\\/wp-content\\\/uploads\\\/2024\\\/02\\\/Competa-Festivals-Featured.jpg\",\"contentUrl\":\"https:\\\/\\\/casaredonda.es\\\/wp-content\\\/uploads\\\/2024\\\/02\\\/Competa-Festivals-Featured.jpg\",\"width\":1600,\"height\":941},{\"@type\":\"BreadcrumbList\",\"@id\":\"https:\\\/\\\/casaredonda.es\\\/competa-festivals-and-events-celebrating-traditions\\\/#breadcrumb\",\"itemListElement\":[{\"@type\":\"ListItem\",\"position\":1,\"name\":\"Home\",\"item\":\"https:\\\/\\\/casaredonda.es\\\/\"},{\"@type\":\"ListItem\",\"position\":2,\"name\":\"Competa Festivals and Events: Celebrating Traditions\"}]},{\"@type\":\"WebSite\",\"@id\":\"https:\\\/\\\/casaredonda.es\\\/#website\",\"url\":\"https:\\\/\\\/casaredonda.es\\\/\",\"name\":\"Casa Redonda\",\"description\":\"A Premium Casa Rural\",\"potentialAction\":[{\"@type\":\"SearchAction\",\"target\":{\"@type\":\"EntryPoint\",\"urlTemplate\":\"https:\\\/\\\/casaredonda.es\\\/?s={search_term_string}\"},\"query-input\":{\"@type\":\"PropertyValueSpecification\",\"valueRequired\":true,\"valueName\":\"search_term_string\"}}],\"inLanguage\":\"es\"},{\"@type\":\"Person\",\"@id\":\"https:\\\/\\\/casaredonda.es\\\/#\\\/schema\\\/person\\\/445f39c1787d4e6ad2a06a074e24513f\",\"name\":\"Bryn Hackland\",\"image\":{\"@type\":\"ImageObject\",\"inLanguage\":\"es\",\"@id\":\"https:\\\/\\\/secure.gravatar.com\\\/avatar\\\/904abd3836be9172c0eaea40643f742aab7a1bfa5100c4b61af1ec381c8f1f3e?s=96&d=mm&r=g\",\"url\":\"https:\\\/\\\/secure.gravatar.com\\\/avatar\\\/904abd3836be9172c0eaea40643f742aab7a1bfa5100c4b61af1ec381c8f1f3e?s=96&d=mm&r=g\",\"contentUrl\":\"https:\\\/\\\/secure.gravatar.com\\\/avatar\\\/904abd3836be9172c0eaea40643f742aab7a1bfa5100c4b61af1ec381c8f1f3e?s=96&d=mm&r=g\",\"caption\":\"Bryn Hackland\"},\"url\":\"https:\\\/\\\/casaredonda.es\\\/es\\\/author\\\/bryn-hackland\\\/\"}]}<\/script>\n<!-- \/ Yoast SEO plugin. -->","yoast_head_json":{"title":"Fiestas y Eventos de C\u00f3mpeta: Celebrando las tradiciones - Casa Redonda","description":"Sum\u00e9rjase en el rico tapiz del vibrante calendario de festivales y eventos de C\u00f3mpeta. Promete recuerdos que durar\u00e1n toda la vida.","robots":{"index":"index","follow":"follow","max-snippet":"max-snippet:-1","max-image-preview":"max-image-preview:large","max-video-preview":"max-video-preview:-1"},"canonical":"https:\/\/casaredonda.es\/es\/festivales-y-actos-de-competa-celebracion-de-las-tradiciones\/","og_locale":"es_ES","og_type":"article","og_title":"A Rich Tapestry of Vibrant Festivals and Events","og_description":"Festivals and events. promising memories that will last a lifetime.","og_url":"https:\/\/casaredonda.es\/es\/festivales-y-actos-de-competa-celebracion-de-las-tradiciones\/","og_site_name":"Casa Redonda","article_published_time":"2024-01-14T12:27:20+00:00","article_modified_time":"2024-02-13T10:58:20+00:00","og_image":[{"width":1200,"height":628,"url":"https:\/\/casaredonda.es\/wp-content\/uploads\/2024\/02\/Competa-Festivals-Blog-Social.png","type":"image\/png"}],"author":"Bryn Hackland","schema":{"@context":"https:\/\/schema.org","@graph":[{"@type":"Article","@id":"https:\/\/casaredonda.es\/competa-festivals-and-events-celebrating-traditions\/#article","isPartOf":{"@id":"https:\/\/casaredonda.es\/competa-festivals-and-events-celebrating-traditions\/"},"author":{"name":"Bryn Hackland","@id":"https:\/\/casaredonda.es\/#\/schema\/person\/445f39c1787d4e6ad2a06a074e24513f"},"headline":"Competa Festivals and Events: Celebrating Traditions","datePublished":"2024-01-14T12:27:20+00:00","dateModified":"2024-02-13T10:58:20+00:00","mainEntityOfPage":{"@id":"https:\/\/casaredonda.es\/competa-festivals-and-events-celebrating-traditions\/"},"wordCount":704,"image":{"@id":"https:\/\/casaredonda.es\/competa-festivals-and-events-celebrating-traditions\/#primaryimage"},"thumbnailUrl":"https:\/\/casaredonda.es\/wp-content\/uploads\/2024\/02\/Competa-Festivals-Featured.jpg","articleSection":["Uncategorized"],"inLanguage":"es"},{"@type":"WebPage","@id":"https:\/\/casaredonda.es\/competa-festivals-and-events-celebrating-traditions\/","url":"https:\/\/casaredonda.es\/competa-festivals-and-events-celebrating-traditions\/","name":"Fiestas y Eventos de C\u00f3mpeta: Celebrando las tradiciones - Casa Redonda","isPartOf":{"@id":"https:\/\/casaredonda.es\/#website"},"primaryImageOfPage":{"@id":"https:\/\/casaredonda.es\/competa-festivals-and-events-celebrating-traditions\/#primaryimage"},"image":{"@id":"https:\/\/casaredonda.es\/competa-festivals-and-events-celebrating-traditions\/#primaryimage"},"thumbnailUrl":"https:\/\/casaredonda.es\/wp-content\/uploads\/2024\/02\/Competa-Festivals-Featured.jpg","datePublished":"2024-01-14T12:27:20+00:00","dateModified":"2024-02-13T10:58:20+00:00","author":{"@id":"https:\/\/casaredonda.es\/#\/schema\/person\/445f39c1787d4e6ad2a06a074e24513f"},"description":"Sum\u00e9rjase en el rico tapiz del vibrante calendario de festivales y eventos de C\u00f3mpeta. Promete recuerdos que durar\u00e1n toda la vida.","breadcrumb":{"@id":"https:\/\/casaredonda.es\/competa-festivals-and-events-celebrating-traditions\/#breadcrumb"},"inLanguage":"es","potentialAction":[{"@type":"ReadAction","target":["https:\/\/casaredonda.es\/competa-festivals-and-events-celebrating-traditions\/"]}]},{"@type":"ImageObject","inLanguage":"es","@id":"https:\/\/casaredonda.es\/competa-festivals-and-events-celebrating-traditions\/#primaryimage","url":"https:\/\/casaredonda.es\/wp-content\/uploads\/2024\/02\/Competa-Festivals-Featured.jpg","contentUrl":"https:\/\/casaredonda.es\/wp-content\/uploads\/2024\/02\/Competa-Festivals-Featured.jpg","width":1600,"height":941},{"@type":"BreadcrumbList","@id":"https:\/\/casaredonda.es\/competa-festivals-and-events-celebrating-traditions\/#breadcrumb","itemListElement":[{"@type":"ListItem","position":1,"name":"Home","item":"https:\/\/casaredonda.es\/"},{"@type":"ListItem","position":2,"name":"Competa Festivals and Events: Celebrating Traditions"}]},{"@type":"WebSite","@id":"https:\/\/casaredonda.es\/#website","url":"https:\/\/casaredonda.es\/","name":"Casa Redonda","description":"Una Casa Rural Premium","potentialAction":[{"@type":"SearchAction","target":{"@type":"EntryPoint","urlTemplate":"https:\/\/casaredonda.es\/?s={search_term_string}"},"query-input":{"@type":"PropertyValueSpecification","valueRequired":true,"valueName":"search_term_string"}}],"inLanguage":"es"},{"@type":"Person","@id":"https:\/\/casaredonda.es\/#\/schema\/person\/445f39c1787d4e6ad2a06a074e24513f","name":"Bryn Hackland","image":{"@type":"ImageObject","inLanguage":"es","@id":"https:\/\/secure.gravatar.com\/avatar\/904abd3836be9172c0eaea40643f742aab7a1bfa5100c4b61af1ec381c8f1f3e?s=96&d=mm&r=g","url":"https:\/\/secure.gravatar.com\/avatar\/904abd3836be9172c0eaea40643f742aab7a1bfa5100c4b61af1ec381c8f1f3e?s=96&d=mm&r=g","contentUrl":"https:\/\/secure.gravatar.com\/avatar\/904abd3836be9172c0eaea40643f742aab7a1bfa5100c4b61af1ec381c8f1f3e?s=96&d=mm&r=g","caption":"Bryn Hackland"},"url":"https:\/\/casaredonda.es\/es\/author\/bryn-hackland\/"}]}},"_links":{"self":[{"href":"https:\/\/casaredonda.es\/es\/wp-json\/wp\/v2\/posts\/369299","targetHints":{"allow":["GET"]}}],"collection":[{"href":"https:\/\/casaredonda.es\/es\/wp-json\/wp\/v2\/posts"}],"about":[{"href":"https:\/\/casaredonda.es\/es\/wp-json\/wp\/v2\/types\/post"}],"author":[{"embeddable":true,"href":"https:\/\/casaredonda.es\/es\/wp-json\/wp\/v2\/users\/2"}],"replies":[{"embeddable":true,"href":"https:\/\/casaredonda.es\/es\/wp-json\/wp\/v2\/comments?post=369299"}],"version-history":[{"count":0,"href":"https:\/\/casaredonda.es\/es\/wp-json\/wp\/v2\/posts\/369299\/revisions"}],"wp:featuredmedia":[{"embeddable":true,"href":"https:\/\/casaredonda.es\/es\/wp-json\/wp\/v2\/media\/369305"}],"wp:attachment":[{"href":"https:\/\/casaredonda.es\/es\/wp-json\/wp\/v2\/media?parent=369299"}],"wp:term":[{"taxonomy":"category","embeddable":true,"href":"https:\/\/casaredonda.es\/es\/wp-json\/wp\/v2\/categories?post=369299"},{"taxonomy":"post_tag","embeddable":true,"href":"https:\/\/casaredonda.es\/es\/wp-json\/wp\/v2\/tags?post=369299"}],"curies":[{"name":"wp","href":"https:\/\/api.w.org\/{rel}","templated":true}]}}